{"id":5329,"date":"2020-07-17T09:21:20","date_gmt":"2020-07-17T09:21:20","guid":{"rendered":"http:\/\/dormisan.eu\/?p=5329"},"modified":"2020-07-17T09:21:20","modified_gmt":"2020-07-17T09:21:20","slug":"preco-spat-prave-na-matracoch-dormisan","status":"publish","type":"post","link":"https:\/\/www.dormisan.eu\/it\/preco-spat-prave-na-matracoch-dormisan\/","title":{"rendered":"Pre\u010do spa\u0165 pr\u00e1ve na matracoch DORMISAN?"},"content":{"rendered":"<p>Kvalitu sp\u00e1nku je mo\u017en\u00e9 ovplyvni\u0165 v\u00fdberom vhodn\u00e9ho matraca. Zdravotn\u00e9 ortopedick\u00e9 matrace Dormisan prispievaj\u00fa k ide\u00e1lnej anatomickej podpore chrbtice aj cel\u00e9ho tela, pri ktorej doch\u00e1dza k uvo\u013eneniu svalstva a regener\u00e1cii organizmu. Pre\u010do? \u010c\u00edtajte \u010falej!<\/p>\n<p>Odd\u00fdchnut\u00ed \u013eudia prin\u00e1\u0161aj\u00fa kreat\u00edvne rie\u0161enia. V rodinnom, ale aj v pracovnom \u017eivote. V tomto duchu vznikla zna\u010dka Dormisan. Jej cie\u013eom je zabezpe\u010di\u0165 z\u00e1kazn\u00edkovi kompletn\u00fd spac\u00ed syst\u00e9m. Po\u010dn\u00fac \u0161irokou \u0161k\u00e1lou ortopedick\u00fdch matracov a vank\u00fa\u0161ov, prikr\u00fdvkami i chr\u00e1ni\u010dmi matracov kon\u010diac. V\u00fdsledkom tohto programu je <a href=\"https:\/\/www.dormisan.eu\/it\/\" target=\"_blank\" rel=\"noopener noreferrer\">zdrav\u00fd sp\u00e1nok<\/a> a regenera\u010dn\u00fd oddych.<\/p>\n<p><strong>K\u00fazlo kvalitn\u00e9ho materi\u00e1lu<br \/>\n<\/strong>Z\u00e1kladom ortopedick\u00fdch matracov Dormisan je materi\u00e1l SONNOCELL\u00ae, ktor\u00fd zaru\u010duje cel\u00fd rad jedine\u010dn\u00fdch vlastnost\u00ed. V prvom rade je to ide\u00e1lna podpora tela pod\u013ea jeho individu\u00e1lnych potrieb. T\u00fdm doch\u00e1dza k uvo\u013eneniu chrbtice a jej podopretiu v prirodzenej polohe, \u010do je podmienkou spr\u00e1vneho fungovania krvn\u00e9ho obehu, nervov\u00e9ho syst\u00e9mu a ostatn\u00fdch org\u00e1nov. SONNOCELL\u00ae zaru\u010duje vynikaj\u00face prevzdu\u0161nenie matraca, spolu s dokonalou tepelnou a vlhkostnou regul\u00e1ciou.<\/p>\n<div id=\"attachment_5341\" style=\"width: 463px\" class=\"wp-caption aligncenter\"><img decoding=\"async\" aria-describedby=\"caption-attachment-5341\" class=\"wp-image-5341\" src=\"https:\/\/www.dormisan.eu\/wp-content\/uploads\/2020\/07\/NesAjQGVTS_XWudH_BRXswZdravotn-ortopedick-matrace-Dormisan.jpg\" alt=\"\" width=\"453\" height=\"302\" \/><p id=\"caption-attachment-5341\" class=\"wp-caption-text\">Matrace z jedine\u010dn\u00fdch kvalitn\u0107h materi\u00e1lov<\/p><\/div>\n<p>Hygienick\u00e9 zlo\u017eenie tohto materi\u00e1lu ocenia predov\u0161etk\u00fdm alergici, astmatici a t\u00ed, ktor\u00ed trpia artrit\u00eddou. Matrace s\u00fa mimoriadne odoln\u00e9, maj\u00fa stabiln\u00fa formu, a preto nehroz\u00ed nebezpe\u010denstvo prele\u017eania ani pri dlhodobom za\u0165a\u017een\u00ed. Neobsahuj\u00fa \u017eiadne kovov\u00e9 \u010di dreven\u00e9 prvky, fre\u00f3ny ani formaldehyd. S\u00fa vyroben\u00e9 z materi\u00e1lov neza\u0165a\u017euj\u00facich \u017eivotn\u00e9 prostredie. V\u0161etky pou\u017eit\u00e9 materi\u00e1ly s\u00fa antialergick\u00e9 a certifikovan\u00e9.<\/p>\n<p><strong>Matrace Dormisan \u017eiadaj\u00fa aj v zahrani\u010d\u00ed<\/strong><\/p>\n<p>Zdravotn\u00e9 <a href=\"https:\/\/www.dormisan.eu\/it\/\" target=\"_blank\" rel=\"noopener noreferrer\">ortopedick\u00e9 matrace<\/a> Dormisan vyr\u00e1ba spolo\u010dnos\u0165 L.C. MANAGER, s.r.o., v \u017dup\u010danoch pri Pre\u0161ove. Ke\u010f\u017ee zakladate\u013eom firmy je taliansky podnikate\u013e Luigi Cossar, ktor\u00fd na Slovensku \u017eije od roku 1992, matrace aj poste\u013en\u00e9 s\u00fapravy, vyr\u00e1ban\u00e9 z t\u00fdch najkvalitnej\u0161\u00edch a zdraviu nez\u00e1vadn\u00fdch materi\u00e1lov, maj\u00fa in\u0161pirat\u00edvny taliansky dizajn.<\/p>\n<div id=\"attachment_5356\" style=\"width: 1914px\" class=\"wp-caption aligncenter\"><img decoding=\"async\" aria-describedby=\"caption-attachment-5356\" class=\"wp-image-5356 size-full\" src=\"https:\/\/www.dormisan.eu\/wp-content\/uploads\/2020\/07\/FF11167F-06F3-4433-B115-FBCDDF6E989B.jpg\" alt=\"\" width=\"1904\" height=\"709\" \/><p id=\"caption-attachment-5356\" class=\"wp-caption-text\">Sidlo L.C. MANAGER s.r.o. v \u017dup\u010danoch pri Pre\u0161ove<\/p><\/div>\n<p>Dlhoro\u010dn\u00e9 sk\u00fasenosti nastavili kvalitu ortopedick\u00fdch matracov Dormisan tak vysoko, \u017ee \u00faspe\u0161ne prenikli aj na medzin\u00e1rodn\u00e9 trhy. Z\u00e1sluhu na tom maj\u00fa vynikaj\u00face ortopedick\u00e9 vlastnosti, vysok\u00e9 n\u00e1roky na spracovanie a r\u00fdchly dod\u00e1vate\u013esk\u00fd servis, na Slovensku do 24 hod\u00edn. Tento stav je v\u00fdsledkom dlhodobej zainteresovanosti stabiln\u00e9ho pracovn\u00e9ho t\u00edmu na v\u00fdvoji v\u00fdrobn\u00fdch procesov. \u013dudia, ktor\u00ed vyr\u00e1baj\u00fa matrace Dormisan svoju pr\u00e1cu robia s vysokou profesionalitou a s l\u00e1skou. Preto sa na t\u00fdchto matracoch sp\u00ed tak dobre&#8230;<\/p>\n<div id=\"attachment_5347\" style=\"width: 504px\" class=\"wp-caption aligncenter\"><img decoding=\"async\" aria-describedby=\"caption-attachment-5347\" class=\"wp-image-5347\" src=\"https:\/\/www.dormisan.eu\/wp-content\/uploads\/2020\/07\/rduKKBIYSHKe1_BTOL3uxwZdravotn-ortopedick-matrace-Dormisan.jpg\" alt=\"\" width=\"494\" height=\"330\" \/><p id=\"caption-attachment-5347\" class=\"wp-caption-text\">Spacie syst\u00e9my DORMISAN sa vyr\u00e1baj\u00fa priamo na Slovensku<\/p><\/div>\n<p><img decoding=\"async\" class=\"aligncenter wp-image-5344\" src=\"https:\/\/www.dormisan.eu\/wp-content\/uploads\/2020\/07\/NG1yj4W1QH-G574WLEoRswV-robn-hala-spacieho-syst-mu-Dormisan.jpg\" alt=\"\" width=\"500\" height=\"333\" \/><\/p>\n<p style=\"text-align: left;\"><strong>\u00daspech je v \u013eu\u010foch<\/strong><\/p>\n<p>Kde sa v\u0161ak berie v\u0161etka t\u00e1 pracovn\u00e1 oddanos\u0165 a nad\u0161enie? Je to v pr\u00edstupe Luigiho Cossara. Obdobie od prv\u00fdch za\u010diatkov, pred 23 rokmi a\u017e po s\u00fa\u010dasnos\u0165, je charakteristick\u00e9 jeho neust\u00e1lou starostlivos\u0165ou o svojich pracovn\u00edkov. Tu polo\u017eil d\u00f4raz, lebo je presved\u010den\u00fd, \u017ee \u00faspech ka\u017edej firmy z\u00e1vis\u00ed od spokojnosti jej zamestnancov. Nastavil priazniv\u00e9 z\u00e1robkov\u00e9 podmienky, pridal soci\u00e1lne v\u00fdhody a \u2013 nem\u00fdlil sa. Spolo\u010dne sa im podarilo vybudova\u0165 prosperuj\u00facu firmu.<\/p>\n<div id=\"attachment_5335\" style=\"width: 624px\" class=\"wp-caption aligncenter\"><img decoding=\"async\" aria-describedby=\"caption-attachment-5335\" class=\"wp-image-5335\" src=\"https:\/\/www.dormisan.eu\/wp-content\/uploads\/2020\/07\/IsEz7noJSRnLQhWCjmFuJALuigi-Cossar-pripravuje-al-nov-showroom-Dormisan.jpg\" alt=\"\" width=\"614\" height=\"460\" \/><p id=\"caption-attachment-5335\" class=\"wp-caption-text\">Luigi Cossar pripravuje nov\u00fd showroom DORMISAN<\/p><\/div>\n<p>Luigi Cossar si svoj \u00faspech nenechal len pre seba. V \u017dup\u010danoch opravil ch\u00e1traj\u00facu star\u00fa s\u00fdpku, v ktorej m\u00e1 teraz s\u00eddlo spolo\u010dnos\u0165 L.C. MANAGER, s.r.o., a jeho filantropick\u00e1 du\u0161a podporila nielen obecn\u00fd \u0161port, ale aj r\u00f4zne charitat\u00edvne projekty.<\/p>\n<p>Aj ke\u010f mana\u017e\u00e9rske \u017eezlo v L.C. MANAGER, s.r.o., od Luigiho Cossara postupne preberaj\u00fa jeho syn Marco a dc\u00e9ra Silvia, Luigiho neut\u00edchaj\u00face progres\u00edvne my\u0161lienky a v\u00edzie s\u00fa zdrojom in\u0161pir\u00e1cie a \u00faspe\u0161n\u00fdch rie\u0161en\u00ed pri v\u00fdrobe zdravotn\u00fdch ortopedick\u00fdch matracov Dormisan aj na\u010falej.<\/p>\n<div id=\"attachment_5350\" style=\"width: 546px\" class=\"wp-caption aligncenter\"><img decoding=\"async\" aria-describedby=\"caption-attachment-5350\" class=\"wp-image-5350\" src=\"https:\/\/www.dormisan.eu\/wp-content\/uploads\/2020\/07\/SCv96KbJS4Tio4ZS4qzynQV-robky-Dormisan-dodan-na-Slovensku-do-24-hod-n.jpg\" alt=\"\" width=\"536\" height=\"357\" \/><p id=\"caption-attachment-5350\" class=\"wp-caption-text\">Spacie syst\u00e9my DORMISAN sa dod\u00e1vaj\u00fa do 24 hod\u00edn po celom Slovensku.<\/p><\/div>\n<p>Presved\u010dte sa aj vy o jedine\u010dnosti a kvalite DORMISAN v na\u0161ich podnikov\u00fdch predajniach v Pre\u0161ove na Flori\u00e1novej 13 alebo v Ko\u0161iciach na Hlavnej 5 alebo nav\u0161t\u00edvte na\u0161ich \u00a0<a href=\"http:\/\/bit.ly\/dormisanslovensko\">partnersk\u00fdch predajcov po celom Slovensku\u00a0<\/a><\/p>\n<p>&nbsp;<\/p>","protected":false},"excerpt":{"rendered":"<p>Kvalitu sp\u00e1nku je mo\u017en\u00e9 ovplyvni\u0165 v\u00fdberom vhodn\u00e9ho matraca. Zdravotn\u00e9 ortopedick\u00e9 matrace Dormisan prispievaj\u00fa k ide\u00e1lnej anatomickej podpore chrbtice aj cel\u00e9ho tela, pri ktorej doch\u00e1dza k uvo\u013eneniu svalstva a regener\u00e1cii organizmu. Pre\u010do? \u010c\u00edtajte \u010falej! Odd\u00fdchnut\u00ed \u013eudia prin\u00e1\u0161aj\u00fa kreat\u00edvne rie\u0161enia. V rodinnom, ale aj v pracovnom \u017eivote. V tomto duchu vznikla zna\u010dka Dormisan. Jej cie\u013eom je zabezpe\u010di\u0165<\/p>","protected":false},"author":10,"featured_media":5362,"comment_status":"closed","ping_status":"closed","sticky":false,"template":"","format":"standard","meta":{"_acf_changed":false,"_relevanssi_hide_post":"","_relevanssi_hide_content":"","_relevanssi_pin_for_all":"","_relevanssi_pin_keywords":"","_relevanssi_unpin_keywords":"","_relevanssi_related_keywords":"","_relevanssi_related_include_ids":"","_relevanssi_related_exclude_ids":"","_relevanssi_related_no_append":"","_relevanssi_related_not_related":"","_relevanssi_related_posts":"","_relevanssi_noindex_reason":"","footnotes":""},"categories":[26],"tags":[34,35],"class_list":["post-5329","post","type-post","status-publish","format-standard","has-post-thumbnail","hentry","category-dormisan-matrace-sk","tag-matrac","tag-matrace"],"acf":[],"yoast_head":"<!-- This site is optimized with the Yoast SEO plugin v28.3 - https:\/\/yoast.com\/product\/yoast-seo-wordpress\/ -->\n<title>Pre\u010do spa\u0165 pr\u00e1ve na matracoch DORMISAN? - Dormisan<\/title>\n<meta name=\"robots\" content=\"index, follow, max-snippet:-1, max-image-preview:large, max-video-preview:-1\" \/>\n<link rel=\"canonical\" href=\"https:\/\/www.dormisan.eu\/it\/preco-spat-prave-na-matracoch-dormisan\/\" \/>\n<meta property=\"og:locale\" content=\"it_IT\" \/>\n<meta property=\"og:type\" content=\"article\" \/>\n<meta property=\"og:title\" content=\"Pre\u010do spa\u0165 pr\u00e1ve na matracoch DORMISAN? - Dormisan\" \/>\n<meta property=\"og:description\" content=\"Kvalitu sp\u00e1nku je mo\u017en\u00e9 ovplyvni\u0165 v\u00fdberom vhodn\u00e9ho matraca. Zdravotn\u00e9 ortopedick\u00e9 matrace Dormisan prispievaj\u00fa k ide\u00e1lnej anatomickej podpore chrbtice aj cel\u00e9ho tela, pri ktorej doch\u00e1dza k uvo\u013eneniu svalstva a regener\u00e1cii organizmu. Pre\u010do? \u010c\u00edtajte \u010falej! Odd\u00fdchnut\u00ed \u013eudia prin\u00e1\u0161aj\u00fa kreat\u00edvne rie\u0161enia. V rodinnom, ale aj v pracovnom \u017eivote. V tomto duchu vznikla zna\u010dka Dormisan. Jej cie\u013eom je zabezpe\u010di\u0165\" \/>\n<meta property=\"og:url\" content=\"https:\/\/www.dormisan.eu\/it\/preco-spat-prave-na-matracoch-dormisan\/\" \/>\n<meta property=\"og:site_name\" content=\"Dormisan\" \/>\n<meta property=\"article:published_time\" content=\"2020-07-17T09:21:20+00:00\" \/>\n<meta property=\"og:image\" content=\"https:\/\/www.dormisan.eu\/wp-content\/uploads\/2020\/07\/xhm3BPoJTmbLLyCN5Qj4dwZdravotn-ortopedick-matrace-Dormisan-1-1-1.jpg\" \/>\n\t<meta property=\"og:image:width\" content=\"824\" \/>\n\t<meta property=\"og:image:height\" content=\"429\" \/>\n\t<meta property=\"og:image:type\" content=\"image\/jpeg\" \/>\n<meta name=\"author\" content=\"dormisan\" \/>\n<meta name=\"twitter:card\" content=\"summary_large_image\" \/>\n<meta name=\"twitter:label1\" content=\"Scritto da\" \/>\n\t<meta name=\"twitter:data1\" content=\"dormisan\" \/>\n\t<meta name=\"twitter:label2\" content=\"Tempo di lettura stimato\" \/>\n\t<meta name=\"twitter:data2\" content=\"4 minuti\" \/>\n<script type=\"application\/ld+json\" class=\"yoast-schema-graph\">{\"@context\":\"https:\\\/\\\/schema.org\",\"@graph\":[{\"@type\":\"Article\",\"@id\":\"https:\\\/\\\/www.dormisan.eu\\\/preco-spat-prave-na-matracoch-dormisan\\\/#article\",\"isPartOf\":{\"@id\":\"https:\\\/\\\/www.dormisan.eu\\\/preco-spat-prave-na-matracoch-dormisan\\\/\"},\"author\":{\"name\":\"dormisan\",\"@id\":\"https:\\\/\\\/www.dormisan.eu\\\/#\\\/schema\\\/person\\\/f720513e3294450bbe7f31af50b339ad\"},\"headline\":\"Pre\u010do spa\u0165 pr\u00e1ve na matracoch DORMISAN?\",\"datePublished\":\"2020-07-17T09:21:20+00:00\",\"mainEntityOfPage\":{\"@id\":\"https:\\\/\\\/www.dormisan.eu\\\/preco-spat-prave-na-matracoch-dormisan\\\/\"},\"wordCount\":764,\"publisher\":{\"@id\":\"https:\\\/\\\/www.dormisan.eu\\\/#organization\"},\"image\":{\"@id\":\"https:\\\/\\\/www.dormisan.eu\\\/preco-spat-prave-na-matracoch-dormisan\\\/#primaryimage\"},\"thumbnailUrl\":\"https:\\\/\\\/www.dormisan.eu\\\/wp-content\\\/uploads\\\/2020\\\/07\\\/xhm3BPoJTmbLLyCN5Qj4dwZdravotn-ortopedick-matrace-Dormisan-1-1-1.jpg\",\"keywords\":[\"matrac\",\"matrace\"],\"articleSection\":[\"Dormisan matrace @sk\"],\"inLanguage\":\"it-IT\"},{\"@type\":\"WebPage\",\"@id\":\"https:\\\/\\\/www.dormisan.eu\\\/preco-spat-prave-na-matracoch-dormisan\\\/\",\"url\":\"https:\\\/\\\/www.dormisan.eu\\\/preco-spat-prave-na-matracoch-dormisan\\\/\",\"name\":\"Pre\u010do spa\u0165 pr\u00e1ve na matracoch DORMISAN? - Dormisan\",\"isPartOf\":{\"@id\":\"https:\\\/\\\/www.dormisan.eu\\\/#website\"},\"primaryImageOfPage\":{\"@id\":\"https:\\\/\\\/www.dormisan.eu\\\/preco-spat-prave-na-matracoch-dormisan\\\/#primaryimage\"},\"image\":{\"@id\":\"https:\\\/\\\/www.dormisan.eu\\\/preco-spat-prave-na-matracoch-dormisan\\\/#primaryimage\"},\"thumbnailUrl\":\"https:\\\/\\\/www.dormisan.eu\\\/wp-content\\\/uploads\\\/2020\\\/07\\\/xhm3BPoJTmbLLyCN5Qj4dwZdravotn-ortopedick-matrace-Dormisan-1-1-1.jpg\",\"datePublished\":\"2020-07-17T09:21:20+00:00\",\"breadcrumb\":{\"@id\":\"https:\\\/\\\/www.dormisan.eu\\\/preco-spat-prave-na-matracoch-dormisan\\\/#breadcrumb\"},\"inLanguage\":\"it-IT\",\"potentialAction\":[{\"@type\":\"ReadAction\",\"target\":[\"https:\\\/\\\/www.dormisan.eu\\\/preco-spat-prave-na-matracoch-dormisan\\\/\"]}]},{\"@type\":\"ImageObject\",\"inLanguage\":\"it-IT\",\"@id\":\"https:\\\/\\\/www.dormisan.eu\\\/preco-spat-prave-na-matracoch-dormisan\\\/#primaryimage\",\"url\":\"https:\\\/\\\/www.dormisan.eu\\\/wp-content\\\/uploads\\\/2020\\\/07\\\/xhm3BPoJTmbLLyCN5Qj4dwZdravotn-ortopedick-matrace-Dormisan-1-1-1.jpg\",\"contentUrl\":\"https:\\\/\\\/www.dormisan.eu\\\/wp-content\\\/uploads\\\/2020\\\/07\\\/xhm3BPoJTmbLLyCN5Qj4dwZdravotn-ortopedick-matrace-Dormisan-1-1-1.jpg\",\"width\":824,\"height\":429},{\"@type\":\"BreadcrumbList\",\"@id\":\"https:\\\/\\\/www.dormisan.eu\\\/preco-spat-prave-na-matracoch-dormisan\\\/#breadcrumb\",\"itemListElement\":[{\"@type\":\"ListItem\",\"position\":1,\"name\":\"Home\",\"item\":\"https:\\\/\\\/www.dormisan.eu\\\/\"},{\"@type\":\"ListItem\",\"position\":2,\"name\":\"Pre\u010do spa\u0165 pr\u00e1ve na matracoch DORMISAN?\"}]},{\"@type\":\"WebSite\",\"@id\":\"https:\\\/\\\/www.dormisan.eu\\\/#website\",\"url\":\"https:\\\/\\\/www.dormisan.eu\\\/\",\"name\":\"Dormisan\",\"description\":\"Matrace pre zdrav\u00fd sp\u00e1nok\",\"publisher\":{\"@id\":\"https:\\\/\\\/www.dormisan.eu\\\/#organization\"},\"potentialAction\":[{\"@type\":\"SearchAction\",\"target\":{\"@type\":\"EntryPoint\",\"urlTemplate\":\"https:\\\/\\\/www.dormisan.eu\\\/?s={search_term_string}\"},\"query-input\":{\"@type\":\"PropertyValueSpecification\",\"valueRequired\":true,\"valueName\":\"search_term_string\"}}],\"inLanguage\":\"it-IT\"},{\"@type\":\"Organization\",\"@id\":\"https:\\\/\\\/www.dormisan.eu\\\/#organization\",\"name\":\"Dormisan\",\"url\":\"https:\\\/\\\/www.dormisan.eu\\\/\",\"logo\":{\"@type\":\"ImageObject\",\"inLanguage\":\"it-IT\",\"@id\":\"https:\\\/\\\/www.dormisan.eu\\\/#\\\/schema\\\/logo\\\/image\\\/\",\"url\":\"https:\\\/\\\/www.dormisan.eu\\\/wp-content\\\/uploads\\\/2022\\\/05\\\/dormisan-matrace-logo_vectorized-2.png\",\"contentUrl\":\"https:\\\/\\\/www.dormisan.eu\\\/wp-content\\\/uploads\\\/2022\\\/05\\\/dormisan-matrace-logo_vectorized-2.png\",\"width\":249,\"height\":69,\"caption\":\"Dormisan\"},\"image\":{\"@id\":\"https:\\\/\\\/www.dormisan.eu\\\/#\\\/schema\\\/logo\\\/image\\\/\"}},{\"@type\":\"Person\",\"@id\":\"https:\\\/\\\/www.dormisan.eu\\\/#\\\/schema\\\/person\\\/f720513e3294450bbe7f31af50b339ad\",\"name\":\"dormisan\",\"image\":{\"@type\":\"ImageObject\",\"inLanguage\":\"it-IT\",\"@id\":\"https:\\\/\\\/secure.gravatar.com\\\/avatar\\\/d38ff313237daee9377a04139a94208cbf68f16e3eb51a24ca231247b9c0ca75?s=96&d=mm&r=g\",\"url\":\"https:\\\/\\\/secure.gravatar.com\\\/avatar\\\/d38ff313237daee9377a04139a94208cbf68f16e3eb51a24ca231247b9c0ca75?s=96&d=mm&r=g\",\"contentUrl\":\"https:\\\/\\\/secure.gravatar.com\\\/avatar\\\/d38ff313237daee9377a04139a94208cbf68f16e3eb51a24ca231247b9c0ca75?s=96&d=mm&r=g\",\"caption\":\"dormisan\"},\"sameAs\":[\"https:\\\/\\\/www.dormisan.eu\"],\"url\":\"https:\\\/\\\/www.dormisan.eu\\\/it\\\/author\\\/dormisan\\\/\"}]}<\/script>\n<!-- \/ Yoast SEO plugin. -->","yoast_head_json":{"title":"Pre\u010do spa\u0165 pr\u00e1ve na matracoch DORMISAN? - Dormisan","robots":{"index":"index","follow":"follow","max-snippet":"max-snippet:-1","max-image-preview":"max-image-preview:large","max-video-preview":"max-video-preview:-1"},"canonical":"https:\/\/www.dormisan.eu\/it\/preco-spat-prave-na-matracoch-dormisan\/","og_locale":"it_IT","og_type":"article","og_title":"Pre\u010do spa\u0165 pr\u00e1ve na matracoch DORMISAN? - Dormisan","og_description":"Kvalitu sp\u00e1nku je mo\u017en\u00e9 ovplyvni\u0165 v\u00fdberom vhodn\u00e9ho matraca. Zdravotn\u00e9 ortopedick\u00e9 matrace Dormisan prispievaj\u00fa k ide\u00e1lnej anatomickej podpore chrbtice aj cel\u00e9ho tela, pri ktorej doch\u00e1dza k uvo\u013eneniu svalstva a regener\u00e1cii organizmu. Pre\u010do? \u010c\u00edtajte \u010falej! Odd\u00fdchnut\u00ed \u013eudia prin\u00e1\u0161aj\u00fa kreat\u00edvne rie\u0161enia. V rodinnom, ale aj v pracovnom \u017eivote. V tomto duchu vznikla zna\u010dka Dormisan. Jej cie\u013eom je zabezpe\u010di\u0165","og_url":"https:\/\/www.dormisan.eu\/it\/preco-spat-prave-na-matracoch-dormisan\/","og_site_name":"Dormisan","article_published_time":"2020-07-17T09:21:20+00:00","og_image":[{"width":824,"height":429,"url":"https:\/\/www.dormisan.eu\/wp-content\/uploads\/2020\/07\/xhm3BPoJTmbLLyCN5Qj4dwZdravotn-ortopedick-matrace-Dormisan-1-1-1.jpg","type":"image\/jpeg"}],"author":"dormisan","twitter_card":"summary_large_image","twitter_misc":{"Scritto da":"dormisan","Tempo di lettura stimato":"4 minuti"},"schema":{"@context":"https:\/\/schema.org","@graph":[{"@type":"Article","@id":"https:\/\/www.dormisan.eu\/preco-spat-prave-na-matracoch-dormisan\/#article","isPartOf":{"@id":"https:\/\/www.dormisan.eu\/preco-spat-prave-na-matracoch-dormisan\/"},"author":{"name":"dormisan","@id":"https:\/\/www.dormisan.eu\/#\/schema\/person\/f720513e3294450bbe7f31af50b339ad"},"headline":"Pre\u010do spa\u0165 pr\u00e1ve na matracoch DORMISAN?","datePublished":"2020-07-17T09:21:20+00:00","mainEntityOfPage":{"@id":"https:\/\/www.dormisan.eu\/preco-spat-prave-na-matracoch-dormisan\/"},"wordCount":764,"publisher":{"@id":"https:\/\/www.dormisan.eu\/#organization"},"image":{"@id":"https:\/\/www.dormisan.eu\/preco-spat-prave-na-matracoch-dormisan\/#primaryimage"},"thumbnailUrl":"https:\/\/www.dormisan.eu\/wp-content\/uploads\/2020\/07\/xhm3BPoJTmbLLyCN5Qj4dwZdravotn-ortopedick-matrace-Dormisan-1-1-1.jpg","keywords":["matrac","matrace"],"articleSection":["Dormisan matrace @sk"],"inLanguage":"it-IT"},{"@type":"WebPage","@id":"https:\/\/www.dormisan.eu\/preco-spat-prave-na-matracoch-dormisan\/","url":"https:\/\/www.dormisan.eu\/preco-spat-prave-na-matracoch-dormisan\/","name":"Pre\u010do spa\u0165 pr\u00e1ve na matracoch DORMISAN? - Dormisan","isPartOf":{"@id":"https:\/\/www.dormisan.eu\/#website"},"primaryImageOfPage":{"@id":"https:\/\/www.dormisan.eu\/preco-spat-prave-na-matracoch-dormisan\/#primaryimage"},"image":{"@id":"https:\/\/www.dormisan.eu\/preco-spat-prave-na-matracoch-dormisan\/#primaryimage"},"thumbnailUrl":"https:\/\/www.dormisan.eu\/wp-content\/uploads\/2020\/07\/xhm3BPoJTmbLLyCN5Qj4dwZdravotn-ortopedick-matrace-Dormisan-1-1-1.jpg","datePublished":"2020-07-17T09:21:20+00:00","breadcrumb":{"@id":"https:\/\/www.dormisan.eu\/preco-spat-prave-na-matracoch-dormisan\/#breadcrumb"},"inLanguage":"it-IT","potentialAction":[{"@type":"ReadAction","target":["https:\/\/www.dormisan.eu\/preco-spat-prave-na-matracoch-dormisan\/"]}]},{"@type":"ImageObject","inLanguage":"it-IT","@id":"https:\/\/www.dormisan.eu\/preco-spat-prave-na-matracoch-dormisan\/#primaryimage","url":"https:\/\/www.dormisan.eu\/wp-content\/uploads\/2020\/07\/xhm3BPoJTmbLLyCN5Qj4dwZdravotn-ortopedick-matrace-Dormisan-1-1-1.jpg","contentUrl":"https:\/\/www.dormisan.eu\/wp-content\/uploads\/2020\/07\/xhm3BPoJTmbLLyCN5Qj4dwZdravotn-ortopedick-matrace-Dormisan-1-1-1.jpg","width":824,"height":429},{"@type":"BreadcrumbList","@id":"https:\/\/www.dormisan.eu\/preco-spat-prave-na-matracoch-dormisan\/#breadcrumb","itemListElement":[{"@type":"ListItem","position":1,"name":"Home","item":"https:\/\/www.dormisan.eu\/"},{"@type":"ListItem","position":2,"name":"Pre\u010do spa\u0165 pr\u00e1ve na matracoch DORMISAN?"}]},{"@type":"WebSite","@id":"https:\/\/www.dormisan.eu\/#website","url":"https:\/\/www.dormisan.eu\/","name":"Dormisan","description":"Matrace pre zdrav\u00fd sp\u00e1nok","publisher":{"@id":"https:\/\/www.dormisan.eu\/#organization"},"potentialAction":[{"@type":"SearchAction","target":{"@type":"EntryPoint","urlTemplate":"https:\/\/www.dormisan.eu\/?s={search_term_string}"},"query-input":{"@type":"PropertyValueSpecification","valueRequired":true,"valueName":"search_term_string"}}],"inLanguage":"it-IT"},{"@type":"Organization","@id":"https:\/\/www.dormisan.eu\/#organization","name":"Dormisan","url":"https:\/\/www.dormisan.eu\/","logo":{"@type":"ImageObject","inLanguage":"it-IT","@id":"https:\/\/www.dormisan.eu\/#\/schema\/logo\/image\/","url":"https:\/\/www.dormisan.eu\/wp-content\/uploads\/2022\/05\/dormisan-matrace-logo_vectorized-2.png","contentUrl":"https:\/\/www.dormisan.eu\/wp-content\/uploads\/2022\/05\/dormisan-matrace-logo_vectorized-2.png","width":249,"height":69,"caption":"Dormisan"},"image":{"@id":"https:\/\/www.dormisan.eu\/#\/schema\/logo\/image\/"}},{"@type":"Person","@id":"https:\/\/www.dormisan.eu\/#\/schema\/person\/f720513e3294450bbe7f31af50b339ad","name":"dormisan","image":{"@type":"ImageObject","inLanguage":"it-IT","@id":"https:\/\/secure.gravatar.com\/avatar\/d38ff313237daee9377a04139a94208cbf68f16e3eb51a24ca231247b9c0ca75?s=96&d=mm&r=g","url":"https:\/\/secure.gravatar.com\/avatar\/d38ff313237daee9377a04139a94208cbf68f16e3eb51a24ca231247b9c0ca75?s=96&d=mm&r=g","contentUrl":"https:\/\/secure.gravatar.com\/avatar\/d38ff313237daee9377a04139a94208cbf68f16e3eb51a24ca231247b9c0ca75?s=96&d=mm&r=g","caption":"dormisan"},"sameAs":["https:\/\/www.dormisan.eu"],"url":"https:\/\/www.dormisan.eu\/it\/author\/dormisan\/"}]}},"jetpack_featured_media_url":"https:\/\/www.dormisan.eu\/wp-content\/uploads\/2020\/07\/xhm3BPoJTmbLLyCN5Qj4dwZdravotn-ortopedick-matrace-Dormisan-1-1-1.jpg","_links":{"self":[{"href":"https:\/\/www.dormisan.eu\/it\/wp-json\/wp\/v2\/posts\/5329","targetHints":{"allow":["GET"]}}],"collection":[{"href":"https:\/\/www.dormisan.eu\/it\/wp-json\/wp\/v2\/posts"}],"about":[{"href":"https:\/\/www.dormisan.eu\/it\/wp-json\/wp\/v2\/types\/post"}],"author":[{"embeddable":true,"href":"https:\/\/www.dormisan.eu\/it\/wp-json\/wp\/v2\/users\/10"}],"replies":[{"embeddable":true,"href":"https:\/\/www.dormisan.eu\/it\/wp-json\/wp\/v2\/comments?post=5329"}],"version-history":[{"count":0,"href":"https:\/\/www.dormisan.eu\/it\/wp-json\/wp\/v2\/posts\/5329\/revisions"}],"wp:featuredmedia":[{"embeddable":true,"href":"https:\/\/www.dormisan.eu\/it\/wp-json\/wp\/v2\/media\/5362"}],"wp:attachment":[{"href":"https:\/\/www.dormisan.eu\/it\/wp-json\/wp\/v2\/media?parent=5329"}],"wp:term":[{"taxonomy":"category","embeddable":true,"href":"https:\/\/www.dormisan.eu\/it\/wp-json\/wp\/v2\/categories?post=5329"},{"taxonomy":"post_tag","embeddable":true,"href":"https:\/\/www.dormisan.eu\/it\/wp-json\/wp\/v2\/tags?post=5329"}],"curies":[{"name":"wp","href":"https:\/\/api.w.org\/{rel}","templated":true}]}}