{"id":5239,"date":"2020-03-04T09:45:56","date_gmt":"2020-03-04T09:45:56","guid":{"rendered":"https:\/\/www.dormisan.eu\/?p=3993"},"modified":"2022-03-06T16:22:48","modified_gmt":"2022-03-06T16:22:48","slug":"jarvpalni","status":"publish","type":"post","link":"https:\/\/www.dormisan.eu\/it\/jarvpalni\/","title":{"rendered":"Perch\u00e9 la primavera richiede un cambiamento soprattutto in camera da letto?"},"content":{"rendered":"<div class=\"fusion-fullwidth fullwidth-box fusion-builder-row-1 nonhundred-percent-fullwidth non-hundred-percent-height-scrolling\" style=\"--awb-border-radius-top-left:0px;--awb-border-radius-top-right:0px;--awb-border-radius-bottom-right:0px;--awb-border-radius-bottom-left:0px;--awb-flex-wrap:wrap;\" ><div class=\"fusion-builder-row fusion-row\"><div class=\"fusion-layout-column fusion_builder_column fusion-builder-column-0 fusion_builder_column_1_1 1_1 fusion-one-full fusion-column-first fusion-column-last\" style=\"--awb-bg-size:cover;--awb-margin-bottom:0px;\"><div class=\"fusion-column-wrapper fusion-flex-column-wrapper-legacy\"><div class=\"fusion-text fusion-text-1\"><h2 style=\"text-align: center;\"><strong>Preparati con noi per la primavera nella tua camera da letto.<\/strong><\/h2>\n<p>\u00c8 tempo di svegliarsi dal letargo invernale. Abbiamo per voi ottimi CONSIGLI su come prepararsi alla primavera nella vostra camera da letto.<\/p>\n<p><em>Rinfresca la tua camera da letto ancor prima di spostare le lancette sull'ora legale. Le pulizie di primavera in camera da letto aiuteranno a semplificare non solo lo sgradevole cambio dell'ora.<\/em><\/p>\n<p>Via il vecchio, dentro il nuovo. Questo \u00e8 il motto di ogni pulizia. La primavera \u00e8 il periodo ideale per il cambiamento. Non \u00e8 per\u00f2 necessario aspettare i narcisi in fiore e il cinguettio degli uccelli.<\/p>\n<blockquote>\n<p><em><strong>Marzo \u00e8 il momento giusto per arieggiare, dopo l'inverno, anche il luogo importante della vostra casa, cio\u00e8 la camera da letto.\u00a0<\/strong><\/em><\/p>\n<\/blockquote>\n<p><strong><em>Perch\u00e9 la primavera richiede un cambiamento <\/em><em>soprattutto in camera da letto?<\/em><\/strong><\/p>\n<p>Uno dei segni sicuri della primavera \u00e8 il passaggio all'ora legale. Nel 2020 cambieremo l'ora il 29 marzo alle 2:00 alle 3:00. Molte persone amano la luce del giorno prolungata fino alle ore serali, mentre ad altri manca l'ora di sonno che si verifica con il cambio dell'ora. Le ricerche dimostrano che fino al 43% dei giovani adulti ha bisogno di almeno una settimana per adattarsi al cambio dell'ora. Sette giorni! <img decoding=\"async\" class=\"wp-image-4008 alignright\" src=\"https:\/\/www.dormisan.eu\/wp-content\/uploads\/2020\/03\/762A8D58-12F1-4465-AEF1-533C9FDD9E3A-768x1024.jpeg\" alt=\"\" width=\"187\" height=\"250\" \/><\/p>\n<p>Le giuste modifiche in camera da letto possono trasformarla in un santuario di pace e aiutarvi quest'anno a recuperare quell'ora di sonno persa. Per non parlare del fatto che migliorerete la qualit\u00e0 del sonno per tutto l'anno.<\/p>\n<p>Pensate che le pulizie di primavera in camera da letto non siano importanti? Ricordate che sul materasso trascorrete fino a un terzo della vostra vita, il che rende la camera da letto la stanza pi\u00f9 utilizzata della vostra abitazione. E questo richiede attenzione!<\/p>\n<blockquote>\n<p style=\"text-align: center;\"><em><strong>Allora, cominciamo!<\/strong><\/em><\/p>\n<\/blockquote>\n<ol>\n<li><strong>Lava le finestre.<\/strong><\/li>\n<\/ol>\n<p>Pulite le finestre in camera da letto. Eliminate gli accumuli di sporco dai telai delle finestre sia all'interno che all'esterno. Durante la ventilazione mattutina quotidiana, eliminerete cos\u00ec l'afflusso di impurit\u00e0 nella vostra camera pulita. Lucidate i vetri delle finestre affinch\u00e9 possano arrivarvi quanti pi\u00f9 raggi primaverili possibile e svegliarvi piacevolmente al mattino. Pulite anche i davanzali e le ragnatele negli angoli.<\/p>\n<p>Prestate attenzione anche a persiane e tende, perch\u00e9 durante il lungo inverno si \u00e8 accumulata molta polvere e sporcizia che finisce nell'aria della vostra camera da letto. Non dimenticate che \u00e8 necessario lavare tendaggi e tende.<\/p>\n<ol start=\"2\">\n<li><strong>Lavate ci\u00f2 che si pu\u00f2 lavare.<\/strong><\/li>\n<\/ol>\n<p>Lavate tutte le vostre federe e lenzuola preferite alla temperatura pi\u00f9 alta consentita per il loro lavaggio. Scegliete un programma di lavaggio pi\u00f9 lungo, affinch\u00e9 il tessuto venga lavato a fondo. Se possibile, lavate anche i cuscini stessi e i piumini, i copriletti e i cuscini decorativi.<\/p>\n<ol start=\"3\">\n<li><strong>Controlla lo stato del materasso<\/strong><\/li>\n<\/ol>\n<p>Se il vostro materasso ha una fodera rimovibile, assicuratevi di lavarla dopo l'inverno. Se non ce l'ha, passate l'aspirapolvere su ogni lato. Non avete ancora <strong><em><a href=\"https:\/\/www.dormisan.eu\/it\/product-category\/accessories\/\">coprimaterasso<\/a><\/em><\/strong>Procuratevelo al pi\u00f9 presto. \u00c8 una pratica protezione per il materasso che vi garantir\u00e0 igiene e prolungher\u00e0 la durata del materasso stesso. Lo troverete <a href=\"https:\/\/www.dormisan.eu\/it\/product-category\/accessories\/\"><strong>Materasso BIANCO MEMO<\/strong><\/a>.<\/p>\n<p>Controlla se <strong><em><a href=\"https:\/\/www.dormisan.eu\/it\/product-category\/matrace\/\">materasso<\/a><\/em><\/strong> non presenta deformazioni n\u00e9 zone affossate.<br \/>\nSe avete un materasso a due facce, \u00e8 il momento di gir<img decoding=\"async\" class=\"wp-image-4003 alignright\" src=\"https:\/\/www.dormisan.eu\/wp-content\/uploads\/2020\/03\/bigstock-Woman-Disinfecting-Mattress-Wi-283992901-1024x683.jpg\" alt=\"\" width=\"225\" height=\"150\" \/>girare sul lato opposto.<br \/>\nSe avete un materasso unilaterale, \u00e8 necessario ruotarlo orizzontalmente di 180\u00b0.<\/p>\n<p>Prova a ricordare quando hai comprato il materasso. La durata di un materasso utilizzato quotidianamente \u00e8 di circa 7 \u2013 10 anni, a seconda della qualit\u00e0 dei materiali utilizzati, del carico igienico e della regolare cura dello stesso.<\/p>\n<p>Per questo \u00e8 importante investire in <em><strong><a href=\"https:\/\/www.dormisan.eu\/it\/product-category\/matrace\/\">di un materasso davvero di qualit\u00e0<\/a><\/strong><\/em>Con una corretta e regolare cura del materasso, puoi prolungarne la durata fino a diversi anni! Come fare? Lo scoprirai nel nostro interessante articolo. <a href=\"https:\/\/www.dormisan.eu\/it\/ako-predlzit-zivotnost-vasho-matraca-tu-je-8-jednoduchych-trikov\/\">Materasso BIANCO MEMO<\/a>.<\/p>\n<p>Se vedete che il vostro materasso \u00e8 usurato, sulla superficie ci sono punti affossati e il materasso non torna alla forma originale, \u00e8 il momento di sostituirlo con uno nuovo. Il vostro materasso ha pi\u00f9 di 7 anni? \u00c8 ora di cambiarlo non solo per motivi ortopedici, ma anche igienici.<\/p>\n<p>Quando \u00e8 il momento giusto per sostituire il materasso con uno nuovo? La risposta la trovate <a href=\"https:\/\/www.dormisan.eu\/it\/5-jasnych-znameni-ze-je-najvyssi-cas-zmenit-matrac\/?preview_id=6021&amp;preview_nonce=2e6c9e814e&amp;_thumbnail_id=6085&amp;preview=true\">Materasso BIANCO MEMO<\/a>.<\/p>\n<ol start=\"4\">\n<li><strong>Lavate l'intero letto<br \/>\n<\/strong><\/li>\n<\/ol>\n<p>Non dimenticate di aspirare la polvere sul reticolo e anche sotto il letto. Aspirate e, se possibile, lavate anche l'intero letto, la sua struttura, le sponde e la testiera.<br \/>\nSe non usi <em><strong><a href=\"https:\/\/www.dormisan.eu\/it\/product-category\/accessories\/\">coprimaterasso<\/a><\/strong><\/em>\u00e8 il momento di procurarselo. In questo modo eviterete che lo sporco sotto il letto possa macchiare e rovinare il materasso dal lato inferiore. Lo trovate nella nostra offerta. <em><strong><a href=\"https:\/\/www.dormisan.eu\/it\/product-category\/accessories\/\">Materasso BIANCO MEMO<\/a><\/strong><\/em>.<\/p>\n<ol start=\"5\">\n<li><strong>Sbarazzati della polvere <\/strong><\/li>\n<\/ol>\n<p><strong><img decoding=\"async\" class=\"wp-image-4002 alignright\" src=\"https:\/\/www.dormisan.eu\/wp-content\/uploads\/2020\/03\/How-to-clean-under-the-bed.jpg\" alt=\"\" width=\"234\" height=\"138\" \/><\/strong><\/p>\n<p>Aspirate il tappeto e scuotete o lavate bene i tappetini. Liberate ogni mensola e decorazione dalla polvere che si diffonde nell'aria della vostra camera da letto. Non dimenticate nemmeno i quadri alle pareti, le lampade e i comodini.<\/p>\n<ol start=\"6\">\n<li><strong>Aria fresca dentro<\/strong><\/li>\n<\/ol>\n<p>Arieggiate bene. Concedete a voi stessi e alla vostra camera da letto aria fresca e una sensazione di freschezza. Potete ottenere una sensazione di freschezza anche con il nostro cuscino. <em><strong><a href=\"https:\/\/www.dormisan.eu\/it\/product\/verona-lemon\/\">Verona Lemon<\/a><\/strong><\/em> Materasso VENEZIA Lemon con piacevole profumo di limoni. Dalla nostra edizione di aromaterapia consigliamo anche il materasso <em><strong><a href=\"https:\/\/www.dormisan.eu\/it\/product\/pluto-lemon\/\">Materasso Pluto Lemon<\/a><\/strong><\/em> a <em><strong><a href=\"https:\/\/www.dormisan.eu\/it\/product\/mercury-lavanda\/\">Mercury Lavanda<\/a><\/strong><\/em>.<br \/>\nArieggiate la camera da letto non solo quando vi alzate, ma anche prima di ogni sonno.<\/p>\n<p><img decoding=\"async\" class=\"aligncenter size-full wp-image-4006\" src=\"https:\/\/www.dormisan.eu\/wp-content\/uploads\/2020\/03\/Thoroughly-Cleaning-Your-Bedroom.jpg\" alt=\"\" width=\"835\" height=\"370\" \/><\/p>\n<blockquote>\n<p><strong>Dopo una pulizia primaverile come questa, dormirete sicuramente meglio in una camera da letto pulita e su un letto pulito, e affronterete pi\u00f9 facilmente non solo il cambio dell'ora.<\/strong><\/p>\n<\/blockquote>\n<p>&nbsp;<\/p>\n<blockquote>\n\n<\/blockquote>\n<p><span class=\"text_exposed_show\">Visitateci anche nella vostra citt\u00e0.\u00a0<a href=\"https:\/\/bit.ly\/dormisanslovensko?fbclid=IwAR0510TFtL3RsY5uz2bbRBcPiWGy3fEqoyETcSHiKgBlOwBVoCDFawiOZws\" target=\"_blank\" rel=\"nofollow noopener noreferrer\" data-lynx-mode=\"origin\" data-lynx-uri=\"https:\/\/l.facebook.com\/l.php?u=https%3A%2F%2Fbit.ly%2Fdormisanslovensko%3Ffbclid%3DIwAR0510TFtL3RsY5uz2bbRBcPiWGy3fEqoyETcSHiKgBlOwBVoCDFawiOZws&amp;h=AT1N5jaZXwe8Hw1-soqTyDerRukD0MPxdayCJ2qfbWMcbeIAI-KhcpNSM9YYZ9i7rHuvfr0ZZYlKev3Vn2o2a_GO0iEGvtDMymnqKCd9KLBqMcvzAOzbcZDJaJuHt7zGT7b9hrSAutzI\">bit.ly\/dormisanslovensko<\/a>\u00a0 oppure ordina online nel nostro <em><strong><a href=\"https:\/\/www.dormisan.eu\/it\/katalog\/\">eshope<\/a><\/strong><\/em><br \/>\n<\/span><\/p>\n\n<\/div><div class=\"fusion-clearfix\"><\/div><\/div><\/div><\/div><\/div>","protected":false},"excerpt":{"rendered":"","protected":false},"author":10,"featured_media":8764,"comment_status":"closed","ping_status":"closed","sticky":false,"template":"","format":"standard","meta":{"_acf_changed":false,"_relevanssi_hide_post":"","_relevanssi_hide_content":"","_relevanssi_pin_for_all":"","_relevanssi_pin_keywords":"","_relevanssi_unpin_keywords":"","_relevanssi_related_keywords":"","_relevanssi_related_include_ids":"","_relevanssi_related_exclude_ids":"","_relevanssi_related_no_append":"","_relevanssi_related_not_related":"","_relevanssi_related_posts":"","_relevanssi_noindex_reason":"","footnotes":""},"categories":[27],"tags":[],"class_list":["post-5239","post","type-post","status-publish","format-standard","has-post-thumbnail","hentry","category-matrace"],"acf":[],"yoast_head":"<!-- This site is optimized with the Yoast SEO plugin v28.3 - https:\/\/yoast.com\/product\/yoast-seo-wordpress\/ -->\n<title>Pre\u010do si jar \u017eiada zmenu najm\u00e4 v sp\u00e1lni? - Dormisan<\/title>\n<meta name=\"robots\" content=\"index, follow, max-snippet:-1, max-image-preview:large, max-video-preview:-1\" \/>\n<link rel=\"canonical\" href=\"https:\/\/www.dormisan.eu\/it\/jarvpalni\/\" \/>\n<meta property=\"og:locale\" content=\"it_IT\" \/>\n<meta property=\"og:type\" content=\"article\" \/>\n<meta property=\"og:title\" content=\"Pre\u010do si jar \u017eiada zmenu najm\u00e4 v sp\u00e1lni? - Dormisan\" \/>\n<meta property=\"og:url\" content=\"https:\/\/www.dormisan.eu\/it\/jarvpalni\/\" \/>\n<meta property=\"og:site_name\" content=\"Dormisan\" \/>\n<meta property=\"article:published_time\" content=\"2020-03-04T09:45:56+00:00\" \/>\n<meta property=\"article:modified_time\" content=\"2022-03-06T16:22:48+00:00\" \/>\n<meta property=\"og:image\" content=\"https:\/\/www.dormisan.eu\/wp-content\/uploads\/2022\/03\/25A984F0-0F7D-417B-AFFA-3F2325F5FA6A.png\" \/>\n\t<meta property=\"og:image:width\" content=\"1410\" \/>\n\t<meta property=\"og:image:height\" content=\"1182\" \/>\n\t<meta property=\"og:image:type\" content=\"image\/png\" \/>\n<meta name=\"author\" content=\"dormisan\" \/>\n<meta name=\"twitter:card\" content=\"summary_large_image\" \/>\n<meta name=\"twitter:label1\" content=\"Scritto da\" \/>\n\t<meta name=\"twitter:data1\" content=\"dormisan\" \/>\n\t<meta name=\"twitter:label2\" content=\"Tempo di lettura stimato\" \/>\n\t<meta name=\"twitter:data2\" content=\"5 minuti\" \/>\n<script type=\"application\/ld+json\" class=\"yoast-schema-graph\">{\"@context\":\"https:\\\/\\\/schema.org\",\"@graph\":[{\"@type\":\"Article\",\"@id\":\"https:\\\/\\\/www.dormisan.eu\\\/jarvpalni\\\/#article\",\"isPartOf\":{\"@id\":\"https:\\\/\\\/www.dormisan.eu\\\/jarvpalni\\\/\"},\"author\":{\"name\":\"dormisan\",\"@id\":\"https:\\\/\\\/www.dormisan.eu\\\/#\\\/schema\\\/person\\\/f720513e3294450bbe7f31af50b339ad\"},\"headline\":\"Pre\u010do si jar \u017eiada zmenu najm\u00e4 v sp\u00e1lni?\",\"datePublished\":\"2020-03-04T09:45:56+00:00\",\"dateModified\":\"2022-03-06T16:22:48+00:00\",\"mainEntityOfPage\":{\"@id\":\"https:\\\/\\\/www.dormisan.eu\\\/jarvpalni\\\/\"},\"wordCount\":1211,\"publisher\":{\"@id\":\"https:\\\/\\\/www.dormisan.eu\\\/#organization\"},\"image\":{\"@id\":\"https:\\\/\\\/www.dormisan.eu\\\/jarvpalni\\\/#primaryimage\"},\"thumbnailUrl\":\"https:\\\/\\\/www.dormisan.eu\\\/wp-content\\\/uploads\\\/2022\\\/03\\\/25A984F0-0F7D-417B-AFFA-3F2325F5FA6A.png\",\"articleSection\":[\"Matrace\"],\"inLanguage\":\"it-IT\"},{\"@type\":\"WebPage\",\"@id\":\"https:\\\/\\\/www.dormisan.eu\\\/jarvpalni\\\/\",\"url\":\"https:\\\/\\\/www.dormisan.eu\\\/jarvpalni\\\/\",\"name\":\"Pre\u010do si jar \u017eiada zmenu najm\u00e4 v sp\u00e1lni? - Dormisan\",\"isPartOf\":{\"@id\":\"https:\\\/\\\/www.dormisan.eu\\\/#website\"},\"primaryImageOfPage\":{\"@id\":\"https:\\\/\\\/www.dormisan.eu\\\/jarvpalni\\\/#primaryimage\"},\"image\":{\"@id\":\"https:\\\/\\\/www.dormisan.eu\\\/jarvpalni\\\/#primaryimage\"},\"thumbnailUrl\":\"https:\\\/\\\/www.dormisan.eu\\\/wp-content\\\/uploads\\\/2022\\\/03\\\/25A984F0-0F7D-417B-AFFA-3F2325F5FA6A.png\",\"datePublished\":\"2020-03-04T09:45:56+00:00\",\"dateModified\":\"2022-03-06T16:22:48+00:00\",\"breadcrumb\":{\"@id\":\"https:\\\/\\\/www.dormisan.eu\\\/jarvpalni\\\/#breadcrumb\"},\"inLanguage\":\"it-IT\",\"potentialAction\":[{\"@type\":\"ReadAction\",\"target\":[\"https:\\\/\\\/www.dormisan.eu\\\/jarvpalni\\\/\"]}]},{\"@type\":\"ImageObject\",\"inLanguage\":\"it-IT\",\"@id\":\"https:\\\/\\\/www.dormisan.eu\\\/jarvpalni\\\/#primaryimage\",\"url\":\"https:\\\/\\\/www.dormisan.eu\\\/wp-content\\\/uploads\\\/2022\\\/03\\\/25A984F0-0F7D-417B-AFFA-3F2325F5FA6A.png\",\"contentUrl\":\"https:\\\/\\\/www.dormisan.eu\\\/wp-content\\\/uploads\\\/2022\\\/03\\\/25A984F0-0F7D-417B-AFFA-3F2325F5FA6A.png\",\"width\":1410,\"height\":1182},{\"@type\":\"BreadcrumbList\",\"@id\":\"https:\\\/\\\/www.dormisan.eu\\\/jarvpalni\\\/#breadcrumb\",\"itemListElement\":[{\"@type\":\"ListItem\",\"position\":1,\"name\":\"Home\",\"item\":\"https:\\\/\\\/www.dormisan.eu\\\/\"},{\"@type\":\"ListItem\",\"position\":2,\"name\":\"Pre\u010do si jar \u017eiada zmenu najm\u00e4 v sp\u00e1lni?\"}]},{\"@type\":\"WebSite\",\"@id\":\"https:\\\/\\\/www.dormisan.eu\\\/#website\",\"url\":\"https:\\\/\\\/www.dormisan.eu\\\/\",\"name\":\"Dormisan\",\"description\":\"Matrace pre zdrav\u00fd sp\u00e1nok\",\"publisher\":{\"@id\":\"https:\\\/\\\/www.dormisan.eu\\\/#organization\"},\"potentialAction\":[{\"@type\":\"SearchAction\",\"target\":{\"@type\":\"EntryPoint\",\"urlTemplate\":\"https:\\\/\\\/www.dormisan.eu\\\/?s={search_term_string}\"},\"query-input\":{\"@type\":\"PropertyValueSpecification\",\"valueRequired\":true,\"valueName\":\"search_term_string\"}}],\"inLanguage\":\"it-IT\"},{\"@type\":\"Organization\",\"@id\":\"https:\\\/\\\/www.dormisan.eu\\\/#organization\",\"name\":\"Dormisan\",\"url\":\"https:\\\/\\\/www.dormisan.eu\\\/\",\"logo\":{\"@type\":\"ImageObject\",\"inLanguage\":\"it-IT\",\"@id\":\"https:\\\/\\\/www.dormisan.eu\\\/#\\\/schema\\\/logo\\\/image\\\/\",\"url\":\"https:\\\/\\\/www.dormisan.eu\\\/wp-content\\\/uploads\\\/2022\\\/05\\\/dormisan-matrace-logo_vectorized-2.png\",\"contentUrl\":\"https:\\\/\\\/www.dormisan.eu\\\/wp-content\\\/uploads\\\/2022\\\/05\\\/dormisan-matrace-logo_vectorized-2.png\",\"width\":249,\"height\":69,\"caption\":\"Dormisan\"},\"image\":{\"@id\":\"https:\\\/\\\/www.dormisan.eu\\\/#\\\/schema\\\/logo\\\/image\\\/\"}},{\"@type\":\"Person\",\"@id\":\"https:\\\/\\\/www.dormisan.eu\\\/#\\\/schema\\\/person\\\/f720513e3294450bbe7f31af50b339ad\",\"name\":\"dormisan\",\"image\":{\"@type\":\"ImageObject\",\"inLanguage\":\"it-IT\",\"@id\":\"https:\\\/\\\/secure.gravatar.com\\\/avatar\\\/d38ff313237daee9377a04139a94208cbf68f16e3eb51a24ca231247b9c0ca75?s=96&d=mm&r=g\",\"url\":\"https:\\\/\\\/secure.gravatar.com\\\/avatar\\\/d38ff313237daee9377a04139a94208cbf68f16e3eb51a24ca231247b9c0ca75?s=96&d=mm&r=g\",\"contentUrl\":\"https:\\\/\\\/secure.gravatar.com\\\/avatar\\\/d38ff313237daee9377a04139a94208cbf68f16e3eb51a24ca231247b9c0ca75?s=96&d=mm&r=g\",\"caption\":\"dormisan\"},\"sameAs\":[\"https:\\\/\\\/www.dormisan.eu\"],\"url\":\"https:\\\/\\\/www.dormisan.eu\\\/it\\\/author\\\/dormisan\\\/\"}]}<\/script>\n<!-- \/ Yoast SEO plugin. -->","yoast_head_json":{"title":"Perch\u00e9 la primavera richiede un cambiamento soprattutto in camera da letto? - Dormisan","robots":{"index":"index","follow":"follow","max-snippet":"max-snippet:-1","max-image-preview":"max-image-preview:large","max-video-preview":"max-video-preview:-1"},"canonical":"https:\/\/www.dormisan.eu\/it\/jarvpalni\/","og_locale":"it_IT","og_type":"article","og_title":"Pre\u010do si jar \u017eiada zmenu najm\u00e4 v sp\u00e1lni? - Dormisan","og_url":"https:\/\/www.dormisan.eu\/it\/jarvpalni\/","og_site_name":"Dormisan","article_published_time":"2020-03-04T09:45:56+00:00","article_modified_time":"2022-03-06T16:22:48+00:00","og_image":[{"width":1410,"height":1182,"url":"https:\/\/www.dormisan.eu\/wp-content\/uploads\/2022\/03\/25A984F0-0F7D-417B-AFFA-3F2325F5FA6A.png","type":"image\/png"}],"author":"dormisan","twitter_card":"summary_large_image","twitter_misc":{"Scritto da":"dormisan","Tempo di lettura stimato":"5 minuti"},"schema":{"@context":"https:\/\/schema.org","@graph":[{"@type":"Article","@id":"https:\/\/www.dormisan.eu\/jarvpalni\/#article","isPartOf":{"@id":"https:\/\/www.dormisan.eu\/jarvpalni\/"},"author":{"name":"dormisan","@id":"https:\/\/www.dormisan.eu\/#\/schema\/person\/f720513e3294450bbe7f31af50b339ad"},"headline":"Pre\u010do si jar \u017eiada zmenu najm\u00e4 v sp\u00e1lni?","datePublished":"2020-03-04T09:45:56+00:00","dateModified":"2022-03-06T16:22:48+00:00","mainEntityOfPage":{"@id":"https:\/\/www.dormisan.eu\/jarvpalni\/"},"wordCount":1211,"publisher":{"@id":"https:\/\/www.dormisan.eu\/#organization"},"image":{"@id":"https:\/\/www.dormisan.eu\/jarvpalni\/#primaryimage"},"thumbnailUrl":"https:\/\/www.dormisan.eu\/wp-content\/uploads\/2022\/03\/25A984F0-0F7D-417B-AFFA-3F2325F5FA6A.png","articleSection":["Matrace"],"inLanguage":"it-IT"},{"@type":"WebPage","@id":"https:\/\/www.dormisan.eu\/jarvpalni\/","url":"https:\/\/www.dormisan.eu\/jarvpalni\/","name":"Perch\u00e9 la primavera richiede un cambiamento soprattutto in camera da letto? - Dormisan","isPartOf":{"@id":"https:\/\/www.dormisan.eu\/#website"},"primaryImageOfPage":{"@id":"https:\/\/www.dormisan.eu\/jarvpalni\/#primaryimage"},"image":{"@id":"https:\/\/www.dormisan.eu\/jarvpalni\/#primaryimage"},"thumbnailUrl":"https:\/\/www.dormisan.eu\/wp-content\/uploads\/2022\/03\/25A984F0-0F7D-417B-AFFA-3F2325F5FA6A.png","datePublished":"2020-03-04T09:45:56+00:00","dateModified":"2022-03-06T16:22:48+00:00","breadcrumb":{"@id":"https:\/\/www.dormisan.eu\/jarvpalni\/#breadcrumb"},"inLanguage":"it-IT","potentialAction":[{"@type":"ReadAction","target":["https:\/\/www.dormisan.eu\/jarvpalni\/"]}]},{"@type":"ImageObject","inLanguage":"it-IT","@id":"https:\/\/www.dormisan.eu\/jarvpalni\/#primaryimage","url":"https:\/\/www.dormisan.eu\/wp-content\/uploads\/2022\/03\/25A984F0-0F7D-417B-AFFA-3F2325F5FA6A.png","contentUrl":"https:\/\/www.dormisan.eu\/wp-content\/uploads\/2022\/03\/25A984F0-0F7D-417B-AFFA-3F2325F5FA6A.png","width":1410,"height":1182},{"@type":"BreadcrumbList","@id":"https:\/\/www.dormisan.eu\/jarvpalni\/#breadcrumb","itemListElement":[{"@type":"ListItem","position":1,"name":"Home","item":"https:\/\/www.dormisan.eu\/"},{"@type":"ListItem","position":2,"name":"Pre\u010do si jar \u017eiada zmenu najm\u00e4 v sp\u00e1lni?"}]},{"@type":"WebSite","@id":"https:\/\/www.dormisan.eu\/#website","url":"https:\/\/www.dormisan.eu\/","name":"Dormisan","description":"Materassi per un sonno sano","publisher":{"@id":"https:\/\/www.dormisan.eu\/#organization"},"potentialAction":[{"@type":"SearchAction","target":{"@type":"EntryPoint","urlTemplate":"https:\/\/www.dormisan.eu\/?s={search_term_string}"},"query-input":{"@type":"PropertyValueSpecification","valueRequired":true,"valueName":"search_term_string"}}],"inLanguage":"it-IT"},{"@type":"Organization","@id":"https:\/\/www.dormisan.eu\/#organization","name":"Dormisan","url":"https:\/\/www.dormisan.eu\/","logo":{"@type":"ImageObject","inLanguage":"it-IT","@id":"https:\/\/www.dormisan.eu\/#\/schema\/logo\/image\/","url":"https:\/\/www.dormisan.eu\/wp-content\/uploads\/2022\/05\/dormisan-matrace-logo_vectorized-2.png","contentUrl":"https:\/\/www.dormisan.eu\/wp-content\/uploads\/2022\/05\/dormisan-matrace-logo_vectorized-2.png","width":249,"height":69,"caption":"Dormisan"},"image":{"@id":"https:\/\/www.dormisan.eu\/#\/schema\/logo\/image\/"}},{"@type":"Person","@id":"https:\/\/www.dormisan.eu\/#\/schema\/person\/f720513e3294450bbe7f31af50b339ad","name":"dormisan","image":{"@type":"ImageObject","inLanguage":"it-IT","@id":"https:\/\/secure.gravatar.com\/avatar\/d38ff313237daee9377a04139a94208cbf68f16e3eb51a24ca231247b9c0ca75?s=96&d=mm&r=g","url":"https:\/\/secure.gravatar.com\/avatar\/d38ff313237daee9377a04139a94208cbf68f16e3eb51a24ca231247b9c0ca75?s=96&d=mm&r=g","contentUrl":"https:\/\/secure.gravatar.com\/avatar\/d38ff313237daee9377a04139a94208cbf68f16e3eb51a24ca231247b9c0ca75?s=96&d=mm&r=g","caption":"dormisan"},"sameAs":["https:\/\/www.dormisan.eu"],"url":"https:\/\/www.dormisan.eu\/it\/author\/dormisan\/"}]}},"jetpack_featured_media_url":"https:\/\/www.dormisan.eu\/wp-content\/uploads\/2022\/03\/25A984F0-0F7D-417B-AFFA-3F2325F5FA6A.png","_links":{"self":[{"href":"https:\/\/www.dormisan.eu\/it\/wp-json\/wp\/v2\/posts\/5239","targetHints":{"allow":["GET"]}}],"collection":[{"href":"https:\/\/www.dormisan.eu\/it\/wp-json\/wp\/v2\/posts"}],"about":[{"href":"https:\/\/www.dormisan.eu\/it\/wp-json\/wp\/v2\/types\/post"}],"author":[{"embeddable":true,"href":"https:\/\/www.dormisan.eu\/it\/wp-json\/wp\/v2\/users\/10"}],"replies":[{"embeddable":true,"href":"https:\/\/www.dormisan.eu\/it\/wp-json\/wp\/v2\/comments?post=5239"}],"version-history":[{"count":0,"href":"https:\/\/www.dormisan.eu\/it\/wp-json\/wp\/v2\/posts\/5239\/revisions"}],"wp:featuredmedia":[{"embeddable":true,"href":"https:\/\/www.dormisan.eu\/it\/wp-json\/wp\/v2\/media\/8764"}],"wp:attachment":[{"href":"https:\/\/www.dormisan.eu\/it\/wp-json\/wp\/v2\/media?parent=5239"}],"wp:term":[{"taxonomy":"category","embeddable":true,"href":"https:\/\/www.dormisan.eu\/it\/wp-json\/wp\/v2\/categories?post=5239"},{"taxonomy":"post_tag","embeddable":true,"href":"https:\/\/www.dormisan.eu\/it\/wp-json\/wp\/v2\/tags?post=5239"}],"curies":[{"name":"wp","href":"https:\/\/api.w.org\/{rel}","templated":true}]}}