{"id":11140,"date":"2024-03-19T08:45:17","date_gmt":"2024-03-19T08:45:17","guid":{"rendered":"https:\/\/dormisan.eu\/?p=11140"},"modified":"2024-03-19T08:51:31","modified_gmt":"2024-03-19T08:51:31","slug":"sezonny-spanok-ake-zmeny-prinesie-jar","status":"publish","type":"post","link":"https:\/\/www.dormisan.eu\/it\/sezonny-spanok-ake-zmeny-prinesie-jar\/","title":{"rendered":"Sez\u00f3nny sp\u00e1nok? Ak\u00e9 zmeny prinesie jar?"},"content":{"rendered":"<div class=\"fusion-fullwidth fullwidth-box fusion-builder-row-1 fusion-flex-container nonhundred-percent-fullwidth non-hundred-percent-height-scrolling\" style=\"--awb-border-radius-top-left:0px;--awb-border-radius-top-right:0px;--awb-border-radius-bottom-right:0px;--awb-border-radius-bottom-left:0px;--awb-flex-wrap:wrap;\" ><div class=\"fusion-builder-row fusion-row fusion-flex-align-items-flex-start fusion-flex-content-wrap\" style=\"max-width:1300px;margin-left: calc(-4% \/ 2 );margin-right: calc(-4% \/ 2 );\"><div class=\"fusion-layout-column fusion_builder_column fusion-builder-column-0 fusion_builder_column_1_1 1_1 fusion-flex-column\" style=\"--awb-bg-blend:overlay;--awb-bg-size:cover;--awb-width-large:100%;--awb-margin-top-large:0px;--awb-spacing-right-large:1.92%;--awb-margin-bottom-large:0px;--awb-spacing-left-large:1.92%;--awb-width-medium:100%;--awb-spacing-right-medium:1.92%;--awb-spacing-left-medium:1.92%;--awb-width-small:100%;--awb-spacing-right-small:1.92%;--awb-spacing-left-small:1.92%;\"><div class=\"fusion-column-wrapper fusion-flex-justify-content-flex-start fusion-content-layout-column\"><div class=\"fusion-text fusion-text-1\"><p>Jarn\u00e9 preb\u00fadzanie sa zo zimn\u00e9ho sp\u00e1nku je pr\u00edjemn\u00e9. A\u00a0to nielen to doslovn\u00e9, kedy si u\u017e\u00edvame l\u00fa\u010de prv\u00e9ho slnka a\u00a0svetlom zaliatu izbu, ale aj ozajstn\u00fd pr\u00edval energie, ktor\u00fa n\u00e1m jar nesie.<\/p>\n<p>Ako sa vyrovna\u0165 so zmenami, ktor\u00e9 nie s\u00fa a\u017e tak pr\u00edjemn\u00e9? Alergie, vlhkos\u0165 \u010di povinnosti v\u00a0dom\u00e1cnosti v\u00a0podobe d\u00f4kladn\u00e9ho jarn\u00e9ho upratovania. Pon\u00fakame zop\u00e1r tipov, ako zvl\u00e1dnu\u0165 jar na jednotku.<\/p>\n<p><strong>Vlhkos\u0165 na tretiu<\/strong><\/p>\n<p>S\u00a0pr\u00edchodom jari sa zvez\u00fa aj zna\u010dn\u00e9 zr\u00e1\u017eky. To prinesie aj v\u00e4\u010d\u0161iu vlhkos\u0165. Poviete si, \u017ee rob\u00edme zbyto\u010dn\u00fd poplach? Zatia\u013e \u010do letn\u00e1 vlhkos\u0165 je viac zrete\u013en\u00e1, t\u00e1 jarn\u00e1 sa k\u00a0v\u00e1m prikradne tak nen\u00e1padne, ako sa len d\u00e1.<\/p>\n<p>Vlhkos\u0165 sp\u00f4sobuje, \u017ee vzduch v\u00a0miestnostiach sa zna\u010dne otep\u013euje a\u00a0schopnos\u0165 v\u00e1\u0161ho tela samoregulova\u0165 no\u010dn\u00fa telesn\u00fa teplotu kles\u00e1.<\/p>\n<p><strong>Ako bojova\u0165 proti vlhkosti?<\/strong> Dobr\u00fdm rie\u0161en\u00edm s\u00fa odvlh\u010dova\u010de, klimatiz\u00e1cia. T\u00fdm lep\u0161\u00edm s\u00fa <a href=\"https:\/\/www.dormisan.eu\/it\/product\/challenger\/\">vzdu\u0161n\u00e9 matrace<\/a> a\u00a0<a href=\"https:\/\/www.dormisan.eu\/it\/product\/venezia-aurafresh\/\">vank\u00fa\u0161e<\/a>, ktor\u00e9 pom\u00f4\u017eu v\u00e1\u0161mu sp\u00e1nku a\u00a0dostan\u00fa z\u00a0neho \u010do najviac.<\/p>\n<p><strong>Alergie na\u0161e ka\u017edodenn\u00e9<\/strong><\/p>\n<p>Kvety kvitn\u00fa a\u00a0alergie sa hrn\u00fa. K\u00fdchanie, slzenie o\u010d\u00ed a\u00a0in\u00e9 prejavy alergi\u00ed, ktor\u00e9 znepr\u00edjem\u0148uj\u00fa toto kr\u00e1sne obdobie ka\u017ed\u00e9mu alergikovi. Ako to zvl\u00e1dnu\u0165 lep\u0161ie? Zv\u00e1\u017ete sprchovanie v\u00a0noci namiesto r\u00e1na. Zmyjete tak v\u0161etky alerg\u00e9ny, ktor\u00e9 sa na v\u00e1s nalepili po\u010das d\u0148a.<\/p>\n<p><strong>Odpor\u00fa\u010dame siahnu\u0165<\/strong> aj po <a href=\"https:\/\/www.dormisan.eu\/it\/product\/verona-aurafresh\/\">antialergickom vank\u00fa\u0161i<\/a>. Vank\u00fa\u0161 Venezia AURA m\u00e1 navy\u0161e odn\u00edmate\u013en\u00fd po\u0165ah, ktor\u00fd je mo\u017en\u00e9 pra\u0165, je <strong>antialergick\u00fd a\u00a0vhodn\u00fd pre sp\u00e1nok na boku aj na chrbte.<\/strong><\/p>\n<p><strong>\u010cisto v\u00a0ka\u017edom rohu<\/strong><\/p>\n<p>Jarn\u00e9 upratovanie je u\u017e trad\u00edciou v\u00a0nie jednej dom\u00e1cnosti. Okrem pe\u013eu, ktor\u00fd sme u\u017e spom\u00ednali, sa v\u00e1m do bytu \u013eahko dostan\u00fa <strong>prachov\u00e9 \u010diasto\u010dky<\/strong>. Sta\u010d\u00ed, \u017ee si byt ob\u010das prevetr\u00e1te pre pocit chladn\u00e9ho v\u00e1nku a\u00a0u\u017e s\u00fa vn\u00fatri.<\/p>\n<p>V\u0161etky tieto \u010dastice maj\u00fa tendenciu us\u00e1dza\u0165 sa na m\u00e4kk\u00fdch povrchoch. Poste\u013e, pohovka \u010di vank\u00fa\u0161? Boj s\u00a0alergiami sa tak za\u010d\u00edna odznova. Dbajte na to, aby ste pred rozsiahlym vetran\u00edm a\u00a0prv\u00fdm otvoren\u00edm okna d\u00f4sledne zmyli v\u0161etky usaden\u00e9 ne\u010distoty. Budete ma\u0165 istotu, \u017ee sa v\u00e1m nebud\u00fa v\u00a0dom\u00e1cnosti iba to\u010di\u0165 s\u00a0t\u00fdmi nov\u00fdmi.<\/p>\n<p><strong>TIP NA Z\u00c1VER:<\/strong><\/p>\n<ul>\n<li>Ak nem\u00f4\u017eete zaspa\u0165, vysk\u00fa\u0161ajte po\u010d\u00fava\u0165 takzvan\u00fd \u201ebiely \u0161um\u201c. V\u010faka n\u00e1\u0161mu vank\u00fa\u0161u <a href=\"https:\/\/www.dormisan.eu\/it\/product\/sound\/?utm_source=blog&amp;utm_medium=januar2024&amp;utm_campaign=produkt\">SOUND<\/a> to bude z\u00e1\u017eitok pre tie najslad\u0161ie sny.<\/li>\n<\/ul>\n<p>H\u013ead\u00e1te <a href=\"https:\/\/www.dormisan.eu\/it\/spalna-ktora-dycha-kdekolvek-ste-5-tipov-a-trikov-ktore-by-ste-v-roku-2024-mali-zarucene-vyskusat\/\">tipy ako spa\u0165 lep\u0161ie a\u00a0ma\u0165 sp\u00e1l\u0148u, ktor\u00e1 skuto\u010dne d\u00fdcha<\/a>? Pozn\u00e1te tie najzn\u00e1mej\u0161ie <a href=\"https:\/\/www.dormisan.eu\/it\/najznamejsie-spankove-pravidla-a-metody-poznate-ich\/\">sp\u00e1nkov\u00e9 met\u00f3dy<\/a>? Kupujete nov\u00fd matrac a\u00a0potrebujete poradi\u0165, <a href=\"https:\/\/www.dormisan.eu\/it\/ako-si-vybrat-spravny-matrac\/\">ako vybra\u0165 ten spr\u00e1vny<\/a>? Tieto a\u00a0\u010fal\u0161ie zauj\u00edmavosti si m\u00f4\u017eete pre\u010d\u00edta\u0165 v\u00a0na\u0161om blogu.<\/p>\n<p><strong>Nev\u00e1hajte sa na n\u00e1s obr\u00e1ti\u0165 pri v\u00fdbere nov\u00e9ho matraca \u010di vank\u00fa\u0161a online \u010di priamo. Na\u0161e kamenn\u00e9 predajne n\u00e1jdete v\u00a0Bardejove, Pre\u0161ove, Ko\u0161iciach \u010di Michalovciach. <\/strong><\/p>\n<\/div><\/div><\/div><\/div><\/div>","protected":false},"excerpt":{"rendered":"","protected":false},"author":10,"featured_media":11145,"comment_status":"closed","ping_status":"closed","sticky":false,"template":"","format":"standard","meta":{"_acf_changed":false,"_relevanssi_hide_post":"","_relevanssi_hide_content":"","_relevanssi_pin_for_all":"","_relevanssi_pin_keywords":"","_relevanssi_unpin_keywords":"","_relevanssi_related_keywords":"","_relevanssi_related_include_ids":"","_relevanssi_related_exclude_ids":"","_relevanssi_related_no_append":"","_relevanssi_related_not_related":"","_relevanssi_related_posts":"","_relevanssi_noindex_reason":"","footnotes":""},"categories":[26],"tags":[],"class_list":["post-11140","post","type-post","status-publish","format-standard","has-post-thumbnail","hentry","category-dormisan-matrace-sk"],"acf":[],"yoast_head":"<!-- This site is optimized with the Yoast SEO plugin v28.3 - https:\/\/yoast.com\/product\/yoast-seo-wordpress\/ -->\n<title>Sez\u00f3nny sp\u00e1nok? Ak\u00e9 zmeny prinesie jar? - Dormisan<\/title>\n<meta name=\"robots\" content=\"index, follow, max-snippet:-1, max-image-preview:large, max-video-preview:-1\" \/>\n<link rel=\"canonical\" href=\"https:\/\/www.dormisan.eu\/it\/sezonny-spanok-ake-zmeny-prinesie-jar\/\" \/>\n<meta property=\"og:locale\" content=\"it_IT\" \/>\n<meta property=\"og:type\" content=\"article\" \/>\n<meta property=\"og:title\" content=\"Sez\u00f3nny sp\u00e1nok? Ak\u00e9 zmeny prinesie jar? - Dormisan\" \/>\n<meta property=\"og:url\" content=\"https:\/\/www.dormisan.eu\/it\/sezonny-spanok-ake-zmeny-prinesie-jar\/\" \/>\n<meta property=\"og:site_name\" content=\"Dormisan\" \/>\n<meta property=\"article:published_time\" content=\"2024-03-19T08:45:17+00:00\" \/>\n<meta property=\"article:modified_time\" content=\"2024-03-19T08:51:31+00:00\" \/>\n<meta property=\"og:image\" content=\"https:\/\/www.dormisan.eu\/wp-content\/uploads\/2024\/03\/Dormisan_blog_-2050x780-1.png\" \/>\n\t<meta property=\"og:image:width\" content=\"2051\" \/>\n\t<meta property=\"og:image:height\" content=\"781\" \/>\n\t<meta property=\"og:image:type\" content=\"image\/png\" \/>\n<meta name=\"author\" content=\"dormisan\" \/>\n<meta name=\"twitter:card\" content=\"summary_large_image\" \/>\n<meta name=\"twitter:label1\" content=\"Scritto da\" \/>\n\t<meta name=\"twitter:data1\" content=\"dormisan\" \/>\n\t<meta name=\"twitter:label2\" content=\"Tempo di lettura stimato\" \/>\n\t<meta name=\"twitter:data2\" content=\"2 minuti\" \/>\n<script type=\"application\/ld+json\" class=\"yoast-schema-graph\">{\"@context\":\"https:\\\/\\\/schema.org\",\"@graph\":[{\"@type\":\"Article\",\"@id\":\"https:\\\/\\\/www.dormisan.eu\\\/sezonny-spanok-ake-zmeny-prinesie-jar\\\/#article\",\"isPartOf\":{\"@id\":\"https:\\\/\\\/www.dormisan.eu\\\/sezonny-spanok-ake-zmeny-prinesie-jar\\\/\"},\"author\":{\"name\":\"dormisan\",\"@id\":\"https:\\\/\\\/www.dormisan.eu\\\/#\\\/schema\\\/person\\\/f720513e3294450bbe7f31af50b339ad\"},\"headline\":\"Sez\u00f3nny sp\u00e1nok? Ak\u00e9 zmeny prinesie jar?\",\"datePublished\":\"2024-03-19T08:45:17+00:00\",\"dateModified\":\"2024-03-19T08:51:31+00:00\",\"mainEntityOfPage\":{\"@id\":\"https:\\\/\\\/www.dormisan.eu\\\/sezonny-spanok-ake-zmeny-prinesie-jar\\\/\"},\"wordCount\":728,\"publisher\":{\"@id\":\"https:\\\/\\\/www.dormisan.eu\\\/#organization\"},\"image\":{\"@id\":\"https:\\\/\\\/www.dormisan.eu\\\/sezonny-spanok-ake-zmeny-prinesie-jar\\\/#primaryimage\"},\"thumbnailUrl\":\"https:\\\/\\\/www.dormisan.eu\\\/wp-content\\\/uploads\\\/2024\\\/03\\\/Dormisan_blog_-2050x780-1.png\",\"articleSection\":[\"Dormisan matrace @sk\"],\"inLanguage\":\"it-IT\"},{\"@type\":\"WebPage\",\"@id\":\"https:\\\/\\\/www.dormisan.eu\\\/sezonny-spanok-ake-zmeny-prinesie-jar\\\/\",\"url\":\"https:\\\/\\\/www.dormisan.eu\\\/sezonny-spanok-ake-zmeny-prinesie-jar\\\/\",\"name\":\"Sez\u00f3nny sp\u00e1nok? Ak\u00e9 zmeny prinesie jar? - Dormisan\",\"isPartOf\":{\"@id\":\"https:\\\/\\\/www.dormisan.eu\\\/#website\"},\"primaryImageOfPage\":{\"@id\":\"https:\\\/\\\/www.dormisan.eu\\\/sezonny-spanok-ake-zmeny-prinesie-jar\\\/#primaryimage\"},\"image\":{\"@id\":\"https:\\\/\\\/www.dormisan.eu\\\/sezonny-spanok-ake-zmeny-prinesie-jar\\\/#primaryimage\"},\"thumbnailUrl\":\"https:\\\/\\\/www.dormisan.eu\\\/wp-content\\\/uploads\\\/2024\\\/03\\\/Dormisan_blog_-2050x780-1.png\",\"datePublished\":\"2024-03-19T08:45:17+00:00\",\"dateModified\":\"2024-03-19T08:51:31+00:00\",\"breadcrumb\":{\"@id\":\"https:\\\/\\\/www.dormisan.eu\\\/sezonny-spanok-ake-zmeny-prinesie-jar\\\/#breadcrumb\"},\"inLanguage\":\"it-IT\",\"potentialAction\":[{\"@type\":\"ReadAction\",\"target\":[\"https:\\\/\\\/www.dormisan.eu\\\/sezonny-spanok-ake-zmeny-prinesie-jar\\\/\"]}]},{\"@type\":\"ImageObject\",\"inLanguage\":\"it-IT\",\"@id\":\"https:\\\/\\\/www.dormisan.eu\\\/sezonny-spanok-ake-zmeny-prinesie-jar\\\/#primaryimage\",\"url\":\"https:\\\/\\\/www.dormisan.eu\\\/wp-content\\\/uploads\\\/2024\\\/03\\\/Dormisan_blog_-2050x780-1.png\",\"contentUrl\":\"https:\\\/\\\/www.dormisan.eu\\\/wp-content\\\/uploads\\\/2024\\\/03\\\/Dormisan_blog_-2050x780-1.png\",\"width\":2051,\"height\":781},{\"@type\":\"BreadcrumbList\",\"@id\":\"https:\\\/\\\/www.dormisan.eu\\\/sezonny-spanok-ake-zmeny-prinesie-jar\\\/#breadcrumb\",\"itemListElement\":[{\"@type\":\"ListItem\",\"position\":1,\"name\":\"Home\",\"item\":\"https:\\\/\\\/www.dormisan.eu\\\/\"},{\"@type\":\"ListItem\",\"position\":2,\"name\":\"Sez\u00f3nny sp\u00e1nok? Ak\u00e9 zmeny prinesie jar?\"}]},{\"@type\":\"WebSite\",\"@id\":\"https:\\\/\\\/www.dormisan.eu\\\/#website\",\"url\":\"https:\\\/\\\/www.dormisan.eu\\\/\",\"name\":\"Dormisan\",\"description\":\"Matrace pre zdrav\u00fd sp\u00e1nok\",\"publisher\":{\"@id\":\"https:\\\/\\\/www.dormisan.eu\\\/#organization\"},\"potentialAction\":[{\"@type\":\"SearchAction\",\"target\":{\"@type\":\"EntryPoint\",\"urlTemplate\":\"https:\\\/\\\/www.dormisan.eu\\\/?s={search_term_string}\"},\"query-input\":{\"@type\":\"PropertyValueSpecification\",\"valueRequired\":true,\"valueName\":\"search_term_string\"}}],\"inLanguage\":\"it-IT\"},{\"@type\":\"Organization\",\"@id\":\"https:\\\/\\\/www.dormisan.eu\\\/#organization\",\"name\":\"Dormisan\",\"url\":\"https:\\\/\\\/www.dormisan.eu\\\/\",\"logo\":{\"@type\":\"ImageObject\",\"inLanguage\":\"it-IT\",\"@id\":\"https:\\\/\\\/www.dormisan.eu\\\/#\\\/schema\\\/logo\\\/image\\\/\",\"url\":\"https:\\\/\\\/www.dormisan.eu\\\/wp-content\\\/uploads\\\/2022\\\/05\\\/dormisan-matrace-logo_vectorized-2.png\",\"contentUrl\":\"https:\\\/\\\/www.dormisan.eu\\\/wp-content\\\/uploads\\\/2022\\\/05\\\/dormisan-matrace-logo_vectorized-2.png\",\"width\":249,\"height\":69,\"caption\":\"Dormisan\"},\"image\":{\"@id\":\"https:\\\/\\\/www.dormisan.eu\\\/#\\\/schema\\\/logo\\\/image\\\/\"}},{\"@type\":\"Person\",\"@id\":\"https:\\\/\\\/www.dormisan.eu\\\/#\\\/schema\\\/person\\\/f720513e3294450bbe7f31af50b339ad\",\"name\":\"dormisan\",\"image\":{\"@type\":\"ImageObject\",\"inLanguage\":\"it-IT\",\"@id\":\"https:\\\/\\\/secure.gravatar.com\\\/avatar\\\/d38ff313237daee9377a04139a94208cbf68f16e3eb51a24ca231247b9c0ca75?s=96&d=mm&r=g\",\"url\":\"https:\\\/\\\/secure.gravatar.com\\\/avatar\\\/d38ff313237daee9377a04139a94208cbf68f16e3eb51a24ca231247b9c0ca75?s=96&d=mm&r=g\",\"contentUrl\":\"https:\\\/\\\/secure.gravatar.com\\\/avatar\\\/d38ff313237daee9377a04139a94208cbf68f16e3eb51a24ca231247b9c0ca75?s=96&d=mm&r=g\",\"caption\":\"dormisan\"},\"sameAs\":[\"https:\\\/\\\/www.dormisan.eu\"],\"url\":\"https:\\\/\\\/www.dormisan.eu\\\/it\\\/author\\\/dormisan\\\/\"}]}<\/script>\n<!-- \/ Yoast SEO plugin. -->","yoast_head_json":{"title":"Sez\u00f3nny sp\u00e1nok? Ak\u00e9 zmeny prinesie jar? - Dormisan","robots":{"index":"index","follow":"follow","max-snippet":"max-snippet:-1","max-image-preview":"max-image-preview:large","max-video-preview":"max-video-preview:-1"},"canonical":"https:\/\/www.dormisan.eu\/it\/sezonny-spanok-ake-zmeny-prinesie-jar\/","og_locale":"it_IT","og_type":"article","og_title":"Sez\u00f3nny sp\u00e1nok? Ak\u00e9 zmeny prinesie jar? - Dormisan","og_url":"https:\/\/www.dormisan.eu\/it\/sezonny-spanok-ake-zmeny-prinesie-jar\/","og_site_name":"Dormisan","article_published_time":"2024-03-19T08:45:17+00:00","article_modified_time":"2024-03-19T08:51:31+00:00","og_image":[{"width":2051,"height":781,"url":"https:\/\/www.dormisan.eu\/wp-content\/uploads\/2024\/03\/Dormisan_blog_-2050x780-1.png","type":"image\/png"}],"author":"dormisan","twitter_card":"summary_large_image","twitter_misc":{"Scritto da":"dormisan","Tempo di lettura stimato":"2 minuti"},"schema":{"@context":"https:\/\/schema.org","@graph":[{"@type":"Article","@id":"https:\/\/www.dormisan.eu\/sezonny-spanok-ake-zmeny-prinesie-jar\/#article","isPartOf":{"@id":"https:\/\/www.dormisan.eu\/sezonny-spanok-ake-zmeny-prinesie-jar\/"},"author":{"name":"dormisan","@id":"https:\/\/www.dormisan.eu\/#\/schema\/person\/f720513e3294450bbe7f31af50b339ad"},"headline":"Sez\u00f3nny sp\u00e1nok? Ak\u00e9 zmeny prinesie jar?","datePublished":"2024-03-19T08:45:17+00:00","dateModified":"2024-03-19T08:51:31+00:00","mainEntityOfPage":{"@id":"https:\/\/www.dormisan.eu\/sezonny-spanok-ake-zmeny-prinesie-jar\/"},"wordCount":728,"publisher":{"@id":"https:\/\/www.dormisan.eu\/#organization"},"image":{"@id":"https:\/\/www.dormisan.eu\/sezonny-spanok-ake-zmeny-prinesie-jar\/#primaryimage"},"thumbnailUrl":"https:\/\/www.dormisan.eu\/wp-content\/uploads\/2024\/03\/Dormisan_blog_-2050x780-1.png","articleSection":["Dormisan matrace @sk"],"inLanguage":"it-IT"},{"@type":"WebPage","@id":"https:\/\/www.dormisan.eu\/sezonny-spanok-ake-zmeny-prinesie-jar\/","url":"https:\/\/www.dormisan.eu\/sezonny-spanok-ake-zmeny-prinesie-jar\/","name":"Sez\u00f3nny sp\u00e1nok? Ak\u00e9 zmeny prinesie jar? - Dormisan","isPartOf":{"@id":"https:\/\/www.dormisan.eu\/#website"},"primaryImageOfPage":{"@id":"https:\/\/www.dormisan.eu\/sezonny-spanok-ake-zmeny-prinesie-jar\/#primaryimage"},"image":{"@id":"https:\/\/www.dormisan.eu\/sezonny-spanok-ake-zmeny-prinesie-jar\/#primaryimage"},"thumbnailUrl":"https:\/\/www.dormisan.eu\/wp-content\/uploads\/2024\/03\/Dormisan_blog_-2050x780-1.png","datePublished":"2024-03-19T08:45:17+00:00","dateModified":"2024-03-19T08:51:31+00:00","breadcrumb":{"@id":"https:\/\/www.dormisan.eu\/sezonny-spanok-ake-zmeny-prinesie-jar\/#breadcrumb"},"inLanguage":"it-IT","potentialAction":[{"@type":"ReadAction","target":["https:\/\/www.dormisan.eu\/sezonny-spanok-ake-zmeny-prinesie-jar\/"]}]},{"@type":"ImageObject","inLanguage":"it-IT","@id":"https:\/\/www.dormisan.eu\/sezonny-spanok-ake-zmeny-prinesie-jar\/#primaryimage","url":"https:\/\/www.dormisan.eu\/wp-content\/uploads\/2024\/03\/Dormisan_blog_-2050x780-1.png","contentUrl":"https:\/\/www.dormisan.eu\/wp-content\/uploads\/2024\/03\/Dormisan_blog_-2050x780-1.png","width":2051,"height":781},{"@type":"BreadcrumbList","@id":"https:\/\/www.dormisan.eu\/sezonny-spanok-ake-zmeny-prinesie-jar\/#breadcrumb","itemListElement":[{"@type":"ListItem","position":1,"name":"Home","item":"https:\/\/www.dormisan.eu\/"},{"@type":"ListItem","position":2,"name":"Sez\u00f3nny sp\u00e1nok? Ak\u00e9 zmeny prinesie jar?"}]},{"@type":"WebSite","@id":"https:\/\/www.dormisan.eu\/#website","url":"https:\/\/www.dormisan.eu\/","name":"Dormisan","description":"Matrace pre zdrav\u00fd sp\u00e1nok","publisher":{"@id":"https:\/\/www.dormisan.eu\/#organization"},"potentialAction":[{"@type":"SearchAction","target":{"@type":"EntryPoint","urlTemplate":"https:\/\/www.dormisan.eu\/?s={search_term_string}"},"query-input":{"@type":"PropertyValueSpecification","valueRequired":true,"valueName":"search_term_string"}}],"inLanguage":"it-IT"},{"@type":"Organization","@id":"https:\/\/www.dormisan.eu\/#organization","name":"Dormisan","url":"https:\/\/www.dormisan.eu\/","logo":{"@type":"ImageObject","inLanguage":"it-IT","@id":"https:\/\/www.dormisan.eu\/#\/schema\/logo\/image\/","url":"https:\/\/www.dormisan.eu\/wp-content\/uploads\/2022\/05\/dormisan-matrace-logo_vectorized-2.png","contentUrl":"https:\/\/www.dormisan.eu\/wp-content\/uploads\/2022\/05\/dormisan-matrace-logo_vectorized-2.png","width":249,"height":69,"caption":"Dormisan"},"image":{"@id":"https:\/\/www.dormisan.eu\/#\/schema\/logo\/image\/"}},{"@type":"Person","@id":"https:\/\/www.dormisan.eu\/#\/schema\/person\/f720513e3294450bbe7f31af50b339ad","name":"dormisan","image":{"@type":"ImageObject","inLanguage":"it-IT","@id":"https:\/\/secure.gravatar.com\/avatar\/d38ff313237daee9377a04139a94208cbf68f16e3eb51a24ca231247b9c0ca75?s=96&d=mm&r=g","url":"https:\/\/secure.gravatar.com\/avatar\/d38ff313237daee9377a04139a94208cbf68f16e3eb51a24ca231247b9c0ca75?s=96&d=mm&r=g","contentUrl":"https:\/\/secure.gravatar.com\/avatar\/d38ff313237daee9377a04139a94208cbf68f16e3eb51a24ca231247b9c0ca75?s=96&d=mm&r=g","caption":"dormisan"},"sameAs":["https:\/\/www.dormisan.eu"],"url":"https:\/\/www.dormisan.eu\/it\/author\/dormisan\/"}]}},"jetpack_featured_media_url":"https:\/\/www.dormisan.eu\/wp-content\/uploads\/2024\/03\/Dormisan_blog_-2050x780-1.png","_links":{"self":[{"href":"https:\/\/www.dormisan.eu\/it\/wp-json\/wp\/v2\/posts\/11140","targetHints":{"allow":["GET"]}}],"collection":[{"href":"https:\/\/www.dormisan.eu\/it\/wp-json\/wp\/v2\/posts"}],"about":[{"href":"https:\/\/www.dormisan.eu\/it\/wp-json\/wp\/v2\/types\/post"}],"author":[{"embeddable":true,"href":"https:\/\/www.dormisan.eu\/it\/wp-json\/wp\/v2\/users\/10"}],"replies":[{"embeddable":true,"href":"https:\/\/www.dormisan.eu\/it\/wp-json\/wp\/v2\/comments?post=11140"}],"version-history":[{"count":0,"href":"https:\/\/www.dormisan.eu\/it\/wp-json\/wp\/v2\/posts\/11140\/revisions"}],"wp:featuredmedia":[{"embeddable":true,"href":"https:\/\/www.dormisan.eu\/it\/wp-json\/wp\/v2\/media\/11145"}],"wp:attachment":[{"href":"https:\/\/www.dormisan.eu\/it\/wp-json\/wp\/v2\/media?parent=11140"}],"wp:term":[{"taxonomy":"category","embeddable":true,"href":"https:\/\/www.dormisan.eu\/it\/wp-json\/wp\/v2\/categories?post=11140"},{"taxonomy":"post_tag","embeddable":true,"href":"https:\/\/www.dormisan.eu\/it\/wp-json\/wp\/v2\/tags?post=11140"}],"curies":[{"name":"wp","href":"https:\/\/api.w.org\/{rel}","templated":true}]}}